{"id":7519,"date":"2024-06-09T15:28:16","date_gmt":"2024-06-09T15:28:16","guid":{"rendered":"https:\/\/hopelandcongo.org\/?p=7519"},"modified":"2024-06-09T16:49:40","modified_gmt":"2024-06-09T16:49:40","slug":"goma-des-jeunes-congolais-se-levent-pour-le-climat-grace-a-un-projet-innovant-soutenu-par-des-organisations-internationales","status":"publish","type":"post","link":"https:\/\/hopelandcongo.org\/?p=7519","title":{"rendered":"Goma : Des jeunes congolais se l\u00e8vent pour le climat gr\u00e2ce \u00e0 un projet innovant soutenu par des organisations internationales"},"content":{"rendered":"\n<figure class=\"wp-block-gallery has-nested-images columns-default is-cropped wp-block-gallery-1 is-layout-flex wp-block-gallery-is-layout-flex\">\n<figure class=\"wp-block-image size-large\"><img fetchpriority=\"high\" decoding=\"async\" width=\"1024\" height=\"683\" data-id=\"7521\" src=\"https:\/\/hopelandcongo.org\/wp-content\/uploads\/2024\/06\/Allen-part-11-1024x683.jpg\" alt=\"\" class=\"wp-image-7521\" srcset=\"https:\/\/hopelandcongo.org\/wp-content\/uploads\/2024\/06\/Allen-part-11-1024x683.jpg 1024w, https:\/\/hopelandcongo.org\/wp-content\/uploads\/2024\/06\/Allen-part-11-300x200.jpg 300w, https:\/\/hopelandcongo.org\/wp-content\/uploads\/2024\/06\/Allen-part-11-768x513.jpg 768w, https:\/\/hopelandcongo.org\/wp-content\/uploads\/2024\/06\/Allen-part-11-1536x1025.jpg 1536w, https:\/\/hopelandcongo.org\/wp-content\/uploads\/2024\/06\/Allen-part-11-2048x1367.jpg 2048w\" sizes=\"(max-width: 1024px) 100vw, 1024px\" \/><\/figure>\n\n\n\n<figure class=\"wp-block-image size-large\"><img decoding=\"async\" width=\"1024\" height=\"683\" data-id=\"7522\" src=\"https:\/\/hopelandcongo.org\/wp-content\/uploads\/2024\/06\/Allen-part-27-1024x683.jpg\" alt=\"\" class=\"wp-image-7522\" srcset=\"https:\/\/hopelandcongo.org\/wp-content\/uploads\/2024\/06\/Allen-part-27-1024x683.jpg 1024w, https:\/\/hopelandcongo.org\/wp-content\/uploads\/2024\/06\/Allen-part-27-300x200.jpg 300w, https:\/\/hopelandcongo.org\/wp-content\/uploads\/2024\/06\/Allen-part-27-768x513.jpg 768w, https:\/\/hopelandcongo.org\/wp-content\/uploads\/2024\/06\/Allen-part-27-1536x1025.jpg 1536w, https:\/\/hopelandcongo.org\/wp-content\/uploads\/2024\/06\/Allen-part-27-2048x1367.jpg 2048w\" sizes=\"(max-width: 1024px) 100vw, 1024px\" \/><\/figure>\n<\/figure>\n\n\n\n<p>En R\u00e9publique D\u00e9mocratique du Congo, Un projet novateur, port\u00e9 par une collaboration entre HOPE LAND CONGO, ALLEN+, AFRICA MAZINGIRA, AMERICAN SPACE et l&rsquo;OBAMA FOUNDATION, a donn\u00e9 naissance \u00e0 une g\u00e9n\u00e9ration de jeunes activistes d\u00e9termin\u00e9s \u00e0 d\u00e9fendre l&rsquo;environnement.<\/p>\n\n\n\n<p>Ce projet ambitieux a pour mission de former et d&rsquo;outiller 20 jeunes de Goma en mati\u00e8re d&rsquo;activisme climatique et de recyclage des d\u00e9chets. Son objectif est clair : sensibiliser les jeunes aux enjeux cruciaux du changement climatique, renforcer leurs comp\u00e9tences en activisme et les encourager \u00e0 s&rsquo;engager activement dans des actions environnementales.<\/p>\n\n\n\n<p>Face \u00e0 des d\u00e9fis tels que la sensibilisation insuffisante, le manque de comp\u00e9tences en activisme et le faible engagement des jeunes dans les actions environnementales, ce projet se positionne comme un catalyseur de changement. S&rsquo;inscrivant dans le cadre des r\u00e9f\u00e9rences internationales telles que l&rsquo;Accord de Paris sur le climat et les Objectifs de D\u00e9veloppement Durable (ODD), il incarne l&rsquo;espoir d&rsquo;un avenir plus vert et plus durable pour la r\u00e9gion.<\/p>\n\n\n\n<p>Les jeunes participants, les formateurs, les partenaires locaux et les autorit\u00e9s communautaires sont les acteurs cl\u00e9s de cette initiative. Les jeunes b\u00e9n\u00e9ficient directement des formations et de l&rsquo;accompagnement, tandis que les formateurs jouent un r\u00f4le crucial dans la coordination des activit\u00e9s. Les partenaires locaux s&rsquo;engagent dans la mise en \u0153uvre du projet de recyclage des d\u00e9chets, et les autorit\u00e9s communautaires assurent le suivi des activit\u00e9s, garantissant ainsi une approche holistique et durable.<\/p>\n\n\n\n<p>Les activit\u00e9s du projet comprennent des formations interactives, des ateliers pratiques et la r\u00e9alisation d&rsquo;un projet de recyclage des d\u00e9chets dans la communaut\u00e9 locale. En mettant l&rsquo;accent sur la sensibilisation, la formation et la cr\u00e9ation d&rsquo;un r\u00e9seau d&rsquo;activistes, ce projet contribue \u00e0 faire avancer les objectifs mondiaux de lutte contre le changement climatique et de d\u00e9veloppement durable.<\/p>\n\n\n\n<figure class=\"wp-block-gallery has-nested-images columns-default is-cropped wp-block-gallery-2 is-layout-flex wp-block-gallery-is-layout-flex\">\n<figure class=\"wp-block-image size-large\"><img decoding=\"async\" width=\"1024\" height=\"684\" data-id=\"7526\" src=\"https:\/\/hopelandcongo.org\/wp-content\/uploads\/2024\/06\/Allen-part-165-1024x684.jpg\" alt=\"\" class=\"wp-image-7526\" srcset=\"https:\/\/hopelandcongo.org\/wp-content\/uploads\/2024\/06\/Allen-part-165-1024x684.jpg 1024w, https:\/\/hopelandcongo.org\/wp-content\/uploads\/2024\/06\/Allen-part-165-300x200.jpg 300w, https:\/\/hopelandcongo.org\/wp-content\/uploads\/2024\/06\/Allen-part-165-768x513.jpg 768w, https:\/\/hopelandcongo.org\/wp-content\/uploads\/2024\/06\/Allen-part-165-1536x1025.jpg 1536w, https:\/\/hopelandcongo.org\/wp-content\/uploads\/2024\/06\/Allen-part-165-2048x1367.jpg 2048w\" sizes=\"(max-width: 1024px) 100vw, 1024px\" \/><\/figure>\n\n\n\n<figure class=\"wp-block-image size-large\"><img loading=\"lazy\" decoding=\"async\" width=\"1024\" height=\"683\" data-id=\"7527\" src=\"https:\/\/hopelandcongo.org\/wp-content\/uploads\/2024\/06\/Allen-part-173-1024x683.jpg\" alt=\"\" class=\"wp-image-7527\" srcset=\"https:\/\/hopelandcongo.org\/wp-content\/uploads\/2024\/06\/Allen-part-173-1024x683.jpg 1024w, https:\/\/hopelandcongo.org\/wp-content\/uploads\/2024\/06\/Allen-part-173-300x200.jpg 300w, https:\/\/hopelandcongo.org\/wp-content\/uploads\/2024\/06\/Allen-part-173-768x513.jpg 768w, https:\/\/hopelandcongo.org\/wp-content\/uploads\/2024\/06\/Allen-part-173-1536x1025.jpg 1536w, https:\/\/hopelandcongo.org\/wp-content\/uploads\/2024\/06\/Allen-part-173-2048x1367.jpg 2048w\" sizes=\"(max-width: 1024px) 100vw, 1024px\" \/><\/figure>\n\n\n\n<figure class=\"wp-block-image size-large\"><img loading=\"lazy\" decoding=\"async\" width=\"1024\" height=\"683\" data-id=\"7525\" src=\"https:\/\/hopelandcongo.org\/wp-content\/uploads\/2024\/06\/Allen-part-117-1024x683.jpg\" alt=\"\" class=\"wp-image-7525\" srcset=\"https:\/\/hopelandcongo.org\/wp-content\/uploads\/2024\/06\/Allen-part-117-1024x683.jpg 1024w, https:\/\/hopelandcongo.org\/wp-content\/uploads\/2024\/06\/Allen-part-117-300x200.jpg 300w, https:\/\/hopelandcongo.org\/wp-content\/uploads\/2024\/06\/Allen-part-117-768x513.jpg 768w, https:\/\/hopelandcongo.org\/wp-content\/uploads\/2024\/06\/Allen-part-117-1536x1025.jpg 1536w, https:\/\/hopelandcongo.org\/wp-content\/uploads\/2024\/06\/Allen-part-117-2048x1367.jpg 2048w\" sizes=\"(max-width: 1024px) 100vw, 1024px\" \/><\/figure>\n<\/figure>\n\n\n\n<p>\u00c0 travers cette initiative inspirante, les jeunes de Goma deviennent les architectes de leur propre avenir, t\u00e9moignant du pouvoir de l&rsquo;\u00e9ducation et de l&rsquo;action collective pour fa\u00e7onner un monde meilleur. Dans un contexte o\u00f9 chaque geste compte, ces jeunes activistes incarnent la promesse d&rsquo;un avenir o\u00f9 la pr\u00e9servation de notre plan\u00e8te est une priorit\u00e9 absolue.<\/p>\n\n\n\n<p>Celcom<\/p>\n","protected":false},"excerpt":{"rendered":"<p>En R\u00e9publique D\u00e9mocratique du Congo, Un projet novateur, port\u00e9 par une collaboration entre HOPE LAND CONGO, ALLEN+, AFRICA MAZINGIRA, AMERICAN SPACE et l&rsquo;OBAMA FOUNDATION, a donn\u00e9 naissance \u00e0 une g\u00e9n\u00e9ration de jeunes activistes d\u00e9termin\u00e9s \u00e0 d\u00e9fendre l&rsquo;environnement. Ce projet ambitieux a pour mission de former et d&rsquo;outiller 20 jeunes de Goma en mati\u00e8re d&rsquo;activisme climatique [&hellip;]<\/p>\n","protected":false},"author":1,"featured_media":0,"comment_status":"closed","ping_status":"closed","sticky":false,"template":"","format":"standard","meta":{"footnotes":""},"categories":[1],"tags":[],"class_list":["post-7519","post","type-post","status-publish","format-standard","hentry","category-uncategorized"],"_links":{"self":[{"href":"https:\/\/hopelandcongo.org\/index.php?rest_route=\/wp\/v2\/posts\/7519","targetHints":{"allow":["GET"]}}],"collection":[{"href":"https:\/\/hopelandcongo.org\/index.php?rest_route=\/wp\/v2\/posts"}],"about":[{"href":"https:\/\/hopelandcongo.org\/index.php?rest_route=\/wp\/v2\/types\/post"}],"author":[{"embeddable":true,"href":"https:\/\/hopelandcongo.org\/index.php?rest_route=\/wp\/v2\/users\/1"}],"replies":[{"embeddable":true,"href":"https:\/\/hopelandcongo.org\/index.php?rest_route=%2Fwp%2Fv2%2Fcomments&post=7519"}],"version-history":[{"count":1,"href":"https:\/\/hopelandcongo.org\/index.php?rest_route=\/wp\/v2\/posts\/7519\/revisions"}],"predecessor-version":[{"id":7528,"href":"https:\/\/hopelandcongo.org\/index.php?rest_route=\/wp\/v2\/posts\/7519\/revisions\/7528"}],"wp:attachment":[{"href":"https:\/\/hopelandcongo.org\/index.php?rest_route=%2Fwp%2Fv2%2Fmedia&parent=7519"}],"wp:term":[{"taxonomy":"category","embeddable":true,"href":"https:\/\/hopelandcongo.org\/index.php?rest_route=%2Fwp%2Fv2%2Fcategories&post=7519"},{"taxonomy":"post_tag","embeddable":true,"href":"https:\/\/hopelandcongo.org\/index.php?rest_route=%2Fwp%2Fv2%2Ftags&post=7519"}],"curies":[{"name":"wp","href":"https:\/\/api.w.org\/{rel}","templated":true}]}}